{"id":1601,"date":"2020-09-13T19:03:58","date_gmt":"2020-09-13T17:03:58","guid":{"rendered":"https:\/\/psf60plus.ch\/?p=1601"},"modified":"2020-09-13T19:04:58","modified_gmt":"2020-09-13T17:04:58","slug":"les-rentes-en-danger","status":"publish","type":"post","link":"https:\/\/psf60plus.ch\/fr\/les-rentes-en-danger\/","title":{"rendered":"NON \u00e0 l&rsquo;initiative de r\u00e9siliation!"},"content":{"rendered":"<p>&nbsp;<\/p>\n<p><strong>Le PS60+ du canton de Fribourg rejette clairement l\u2019initiative de r\u00e9siliation de l\u2019UDC. <\/strong><\/p>\n<p>4 septembre 2020<\/p>\n<p>L&rsquo;initiative de r\u00e9siliation de l&rsquo;UDC ne met pas seulement les salaires et les emplois mais aussi les rentes en danger, et elle d\u00e9stabilise le domaine de la sant\u00e9 et des soins. Le PS60+ du canton de Fribourg recommande donc son rejet. Il suit \u00e9galement les mots d\u2019ordre du PS cantonal et suisse pour les autres objets de votation du 27 septembre.<\/p>\n<p><strong><a href=\"https:\/\/psf60plus.ch\/wp-content\/uploads\/sites\/126\/2020\/09\/CP-PM-SVP-Initiative-fuer-Web-sept20-f-d.pdf\">&gt;&gt;&gt; lire la suite<\/a><\/strong><\/p>\n","protected":false},"excerpt":{"rendered":"&nbsp; Le PS60+ du canton de Fribourg rejette clairement l\u2019initiative de r\u00e9siliation de l\u2019UDC. 4 septembre 2020 L&rsquo;initiative de r\u00e9siliation de l&rsquo;UDC ne met pas seulement les salaires et les emplois mais aussi les rentes en danger, et elle d\u00e9stabilise le domaine de la sant\u00e9 et des soins. Le PS60+ du canton de Fribourg recommande&#8230; <a class=\"view-article\" href=\"https:\/\/psf60plus.ch\/fr\/les-rentes-en-danger\/\">Voir l&rsquo;article<\/a>","protected":false},"author":201,"featured_media":0,"comment_status":"closed","ping_status":"open","sticky":false,"template":"","format":"standard","meta":{"footnotes":""},"categories":[49],"tags":[],"class_list":["post-1601","post","type-post","status-publish","format-standard","hentry","category-non-classifiee"],"yoast_head":"<!-- This site is optimized with the Yoast SEO plugin v27.5 - https:\/\/yoast.com\/product\/yoast-seo-wordpress\/ -->\n<title>NON \u00e0 l&#039;initiative de r\u00e9siliation! - SP60+ Kanton Freiburg<\/title>\n<meta name=\"robots\" content=\"index, follow, max-snippet:-1, max-image-preview:large, max-video-preview:-1\" \/>\n<link rel=\"canonical\" href=\"https:\/\/psf60plus.ch\/fr\/les-rentes-en-danger\/\" \/>\n<meta property=\"og:locale\" content=\"fr_FR\" \/>\n<meta property=\"og:type\" content=\"article\" \/>\n<meta property=\"og:title\" content=\"NON \u00e0 l&#039;initiative de r\u00e9siliation! - SP60+ Kanton Freiburg\" \/>\n<meta property=\"og:description\" content=\"&nbsp; Le PS60+ du canton de Fribourg rejette clairement l\u2019initiative de r\u00e9siliation de l\u2019UDC. 4 septembre 2020 L&rsquo;initiative de r\u00e9siliation de l&rsquo;UDC ne met pas seulement les salaires et les emplois mais aussi les rentes en danger, et elle d\u00e9stabilise le domaine de la sant\u00e9 et des soins. Le PS60+ du canton de Fribourg recommande... Voir l&#039;article\" \/>\n<meta property=\"og:url\" content=\"https:\/\/psf60plus.ch\/fr\/les-rentes-en-danger\/\" \/>\n<meta property=\"og:site_name\" content=\"SP60+ Kanton Freiburg\" \/>\n<meta property=\"article:published_time\" content=\"2020-09-13T17:03:58+00:00\" \/>\n<meta property=\"article:modified_time\" content=\"2020-09-13T17:04:58+00:00\" \/>\n<meta name=\"author\" content=\"SPF60+\" \/>\n<meta name=\"twitter:card\" content=\"summary_large_image\" \/>\n<meta name=\"twitter:label1\" content=\"\u00c9crit par\" \/>\n\t<meta name=\"twitter:data1\" content=\"SPF60+\" \/>\n<script type=\"application\/ld+json\" class=\"yoast-schema-graph\">{\"@context\":\"https:\\\/\\\/schema.org\",\"@graph\":[{\"@type\":\"Article\",\"@id\":\"https:\\\/\\\/psf60plus.ch\\\/fr\\\/les-rentes-en-danger\\\/#article\",\"isPartOf\":{\"@id\":\"https:\\\/\\\/psf60plus.ch\\\/fr\\\/les-rentes-en-danger\\\/\"},\"author\":{\"name\":\"SPF60+\",\"@id\":\"https:\\\/\\\/psf60plus.ch\\\/#\\\/schema\\\/person\\\/d6ea99f0a05065c117453ec7249660cf\"},\"headline\":\"NON \u00e0 l&rsquo;initiative de r\u00e9siliation!\",\"datePublished\":\"2020-09-13T17:03:58+00:00\",\"dateModified\":\"2020-09-13T17:04:58+00:00\",\"mainEntityOfPage\":{\"@id\":\"https:\\\/\\\/psf60plus.ch\\\/fr\\\/les-rentes-en-danger\\\/\"},\"wordCount\":92,\"articleSection\":[\"Non classifi\u00e9(e)\"],\"inLanguage\":\"fr-FR\"},{\"@type\":\"WebPage\",\"@id\":\"https:\\\/\\\/psf60plus.ch\\\/fr\\\/les-rentes-en-danger\\\/\",\"url\":\"https:\\\/\\\/psf60plus.ch\\\/fr\\\/les-rentes-en-danger\\\/\",\"name\":\"NON \u00e0 l'initiative de r\u00e9siliation! - SP60+ Kanton Freiburg\",\"isPartOf\":{\"@id\":\"https:\\\/\\\/psf60plus.ch\\\/#website\"},\"datePublished\":\"2020-09-13T17:03:58+00:00\",\"dateModified\":\"2020-09-13T17:04:58+00:00\",\"author\":{\"@id\":\"https:\\\/\\\/psf60plus.ch\\\/#\\\/schema\\\/person\\\/d6ea99f0a05065c117453ec7249660cf\"},\"breadcrumb\":{\"@id\":\"https:\\\/\\\/psf60plus.ch\\\/fr\\\/les-rentes-en-danger\\\/#breadcrumb\"},\"inLanguage\":\"fr-FR\",\"potentialAction\":[{\"@type\":\"ReadAction\",\"target\":[\"https:\\\/\\\/psf60plus.ch\\\/fr\\\/les-rentes-en-danger\\\/\"]}]},{\"@type\":\"BreadcrumbList\",\"@id\":\"https:\\\/\\\/psf60plus.ch\\\/fr\\\/les-rentes-en-danger\\\/#breadcrumb\",\"itemListElement\":[{\"@type\":\"ListItem\",\"position\":1,\"name\":\"Startseite\",\"item\":\"https:\\\/\\\/psf60plus.ch\\\/fr\\\/\"},{\"@type\":\"ListItem\",\"position\":2,\"name\":\"NON \u00e0 l&rsquo;initiative de r\u00e9siliation!\"}]},{\"@type\":\"WebSite\",\"@id\":\"https:\\\/\\\/psf60plus.ch\\\/#website\",\"url\":\"https:\\\/\\\/psf60plus.ch\\\/\",\"name\":\"SP60+ Kanton Freiburg\",\"description\":\"Une longueur d&#039;avance\",\"potentialAction\":[{\"@type\":\"SearchAction\",\"target\":{\"@type\":\"EntryPoint\",\"urlTemplate\":\"https:\\\/\\\/psf60plus.ch\\\/?s={search_term_string}\"},\"query-input\":{\"@type\":\"PropertyValueSpecification\",\"valueRequired\":true,\"valueName\":\"search_term_string\"}}],\"inLanguage\":\"fr-FR\"},{\"@type\":\"Person\",\"@id\":\"https:\\\/\\\/psf60plus.ch\\\/#\\\/schema\\\/person\\\/d6ea99f0a05065c117453ec7249660cf\",\"name\":\"SPF60+\",\"image\":{\"@type\":\"ImageObject\",\"inLanguage\":\"fr-FR\",\"@id\":\"https:\\\/\\\/secure.gravatar.com\\\/avatar\\\/887d71620f24cf914613bd82ff407d6dc7f100cc7dfafc890a80b6da2970f7ba?s=96&d=mm&r=g\",\"url\":\"https:\\\/\\\/secure.gravatar.com\\\/avatar\\\/887d71620f24cf914613bd82ff407d6dc7f100cc7dfafc890a80b6da2970f7ba?s=96&d=mm&r=g\",\"contentUrl\":\"https:\\\/\\\/secure.gravatar.com\\\/avatar\\\/887d71620f24cf914613bd82ff407d6dc7f100cc7dfafc890a80b6da2970f7ba?s=96&d=mm&r=g\",\"caption\":\"SPF60+\"},\"url\":\"https:\\\/\\\/psf60plus.ch\\\/fr\\\/author\\\/hgilomen\\\/\"}]}<\/script>\n<!-- \/ Yoast SEO plugin. -->","yoast_head_json":{"title":"NON \u00e0 l'initiative de r\u00e9siliation! - SP60+ Kanton Freiburg","robots":{"index":"index","follow":"follow","max-snippet":"max-snippet:-1","max-image-preview":"max-image-preview:large","max-video-preview":"max-video-preview:-1"},"canonical":"https:\/\/psf60plus.ch\/fr\/les-rentes-en-danger\/","og_locale":"fr_FR","og_type":"article","og_title":"NON \u00e0 l'initiative de r\u00e9siliation! - SP60+ Kanton Freiburg","og_description":"&nbsp; Le PS60+ du canton de Fribourg rejette clairement l\u2019initiative de r\u00e9siliation de l\u2019UDC. 4 septembre 2020 L&rsquo;initiative de r\u00e9siliation de l&rsquo;UDC ne met pas seulement les salaires et les emplois mais aussi les rentes en danger, et elle d\u00e9stabilise le domaine de la sant\u00e9 et des soins. Le PS60+ du canton de Fribourg recommande... Voir l'article","og_url":"https:\/\/psf60plus.ch\/fr\/les-rentes-en-danger\/","og_site_name":"SP60+ Kanton Freiburg","article_published_time":"2020-09-13T17:03:58+00:00","article_modified_time":"2020-09-13T17:04:58+00:00","author":"SPF60+","twitter_card":"summary_large_image","twitter_misc":{"\u00c9crit par":"SPF60+"},"schema":{"@context":"https:\/\/schema.org","@graph":[{"@type":"Article","@id":"https:\/\/psf60plus.ch\/fr\/les-rentes-en-danger\/#article","isPartOf":{"@id":"https:\/\/psf60plus.ch\/fr\/les-rentes-en-danger\/"},"author":{"name":"SPF60+","@id":"https:\/\/psf60plus.ch\/#\/schema\/person\/d6ea99f0a05065c117453ec7249660cf"},"headline":"NON \u00e0 l&rsquo;initiative de r\u00e9siliation!","datePublished":"2020-09-13T17:03:58+00:00","dateModified":"2020-09-13T17:04:58+00:00","mainEntityOfPage":{"@id":"https:\/\/psf60plus.ch\/fr\/les-rentes-en-danger\/"},"wordCount":92,"articleSection":["Non classifi\u00e9(e)"],"inLanguage":"fr-FR"},{"@type":"WebPage","@id":"https:\/\/psf60plus.ch\/fr\/les-rentes-en-danger\/","url":"https:\/\/psf60plus.ch\/fr\/les-rentes-en-danger\/","name":"NON \u00e0 l'initiative de r\u00e9siliation! - SP60+ Kanton Freiburg","isPartOf":{"@id":"https:\/\/psf60plus.ch\/#website"},"datePublished":"2020-09-13T17:03:58+00:00","dateModified":"2020-09-13T17:04:58+00:00","author":{"@id":"https:\/\/psf60plus.ch\/#\/schema\/person\/d6ea99f0a05065c117453ec7249660cf"},"breadcrumb":{"@id":"https:\/\/psf60plus.ch\/fr\/les-rentes-en-danger\/#breadcrumb"},"inLanguage":"fr-FR","potentialAction":[{"@type":"ReadAction","target":["https:\/\/psf60plus.ch\/fr\/les-rentes-en-danger\/"]}]},{"@type":"BreadcrumbList","@id":"https:\/\/psf60plus.ch\/fr\/les-rentes-en-danger\/#breadcrumb","itemListElement":[{"@type":"ListItem","position":1,"name":"Startseite","item":"https:\/\/psf60plus.ch\/fr\/"},{"@type":"ListItem","position":2,"name":"NON \u00e0 l&rsquo;initiative de r\u00e9siliation!"}]},{"@type":"WebSite","@id":"https:\/\/psf60plus.ch\/#website","url":"https:\/\/psf60plus.ch\/","name":"SP60+ Kanton Freiburg","description":"Une longueur d&#039;avance","potentialAction":[{"@type":"SearchAction","target":{"@type":"EntryPoint","urlTemplate":"https:\/\/psf60plus.ch\/?s={search_term_string}"},"query-input":{"@type":"PropertyValueSpecification","valueRequired":true,"valueName":"search_term_string"}}],"inLanguage":"fr-FR"},{"@type":"Person","@id":"https:\/\/psf60plus.ch\/#\/schema\/person\/d6ea99f0a05065c117453ec7249660cf","name":"SPF60+","image":{"@type":"ImageObject","inLanguage":"fr-FR","@id":"https:\/\/secure.gravatar.com\/avatar\/887d71620f24cf914613bd82ff407d6dc7f100cc7dfafc890a80b6da2970f7ba?s=96&d=mm&r=g","url":"https:\/\/secure.gravatar.com\/avatar\/887d71620f24cf914613bd82ff407d6dc7f100cc7dfafc890a80b6da2970f7ba?s=96&d=mm&r=g","contentUrl":"https:\/\/secure.gravatar.com\/avatar\/887d71620f24cf914613bd82ff407d6dc7f100cc7dfafc890a80b6da2970f7ba?s=96&d=mm&r=g","caption":"SPF60+"},"url":"https:\/\/psf60plus.ch\/fr\/author\/hgilomen\/"}]}},"_links":{"self":[{"href":"https:\/\/psf60plus.ch\/fr\/wp-json\/wp\/v2\/posts\/1601","targetHints":{"allow":["GET"]}}],"collection":[{"href":"https:\/\/psf60plus.ch\/fr\/wp-json\/wp\/v2\/posts"}],"about":[{"href":"https:\/\/psf60plus.ch\/fr\/wp-json\/wp\/v2\/types\/post"}],"author":[{"embeddable":true,"href":"https:\/\/psf60plus.ch\/fr\/wp-json\/wp\/v2\/users\/201"}],"replies":[{"embeddable":true,"href":"https:\/\/psf60plus.ch\/fr\/wp-json\/wp\/v2\/comments?post=1601"}],"version-history":[{"count":2,"href":"https:\/\/psf60plus.ch\/fr\/wp-json\/wp\/v2\/posts\/1601\/revisions"}],"predecessor-version":[{"id":1603,"href":"https:\/\/psf60plus.ch\/fr\/wp-json\/wp\/v2\/posts\/1601\/revisions\/1603"}],"wp:attachment":[{"href":"https:\/\/psf60plus.ch\/fr\/wp-json\/wp\/v2\/media?parent=1601"}],"wp:term":[{"taxonomy":"category","embeddable":true,"href":"https:\/\/psf60plus.ch\/fr\/wp-json\/wp\/v2\/categories?post=1601"},{"taxonomy":"post_tag","embeddable":true,"href":"https:\/\/psf60plus.ch\/fr\/wp-json\/wp\/v2\/tags?post=1601"}],"curies":[{"name":"wp","href":"https:\/\/api.w.org\/{rel}","templated":true}]}}